{"id":5332,"date":"2024-07-03T17:25:19","date_gmt":"2024-07-03T15:25:19","guid":{"rendered":"https:\/\/mallorca-arta.com\/?p=5332"},"modified":"2024-07-03T17:25:20","modified_gmt":"2024-07-03T15:25:20","slug":"cafe-pa-i-mes","status":"publish","type":"post","link":"https:\/\/mallorca-arta.com\/es\/cafe-pa-i-mes\/","title":{"rendered":"Panader\u00eda &#038; Caf\u00e9 Pa i mes | Arta"},"content":{"rendered":"\n<h2 class=\"wp-block-heading\">Panader\u00eda Pa i mes<\/h2>\n\n\n\n<div class=\"wp-block-columns is-layout-flex wp-container-core-columns-is-layout-28f84493 wp-block-columns-is-layout-flex\">\n<div class=\"wp-block-column is-layout-flow wp-block-column-is-layout-flow\">\n<figure class=\"wp-block-image size-full\"><img loading=\"lazy\" decoding=\"async\" width=\"500\" height=\"400\" src=\"https:\/\/mallorca-arta.com\/wp-content\/uploads\/2023\/04\/Logo-Shopping-Platzhalter.jpg\" alt=\"Shopping Mallorca Arta\" class=\"wp-image-4931\" srcset=\"https:\/\/mallorca-arta.com\/wp-content\/uploads\/2023\/04\/Logo-Shopping-Platzhalter.jpg 500w, https:\/\/mallorca-arta.com\/wp-content\/uploads\/2023\/04\/Logo-Shopping-Platzhalter-300x240.jpg 300w\" sizes=\"auto, (max-width: 500px) 100vw, 500px\" \/><\/figure>\n<\/div>\n\n\n\n<div class=\"wp-block-column is-layout-flow wp-block-column-is-layout-flow\">\n<p><strong><strong><strong><strong>Direcci\u00f3n<\/strong><\/strong><\/strong><\/strong><br>Carrer de Ciutat 25<br>Illes Balears<br>07570 Art\u00e0<br>Mallorca<\/p>\n\n\n\n<p><strong><strong><strong><strong>Datos de contacto<\/strong><\/strong><\/strong><\/strong><br>Tel\u00e9fono: <br>M\u00f3vil: <\/p>\n\n\n\n<div class=\"wp-block-columns is-layout-flex wp-container-core-columns-is-layout-28f84493 wp-block-columns-is-layout-flex\">\n<div class=\"wp-block-column is-layout-flow wp-block-column-is-layout-flow\">\n<div class=\"wp-block-buttons is-layout-flex wp-block-buttons-is-layout-flex\">\n<div class=\"wp-block-button\"><a class=\"wp-block-button__link has-background wp-element-button\" href=\"https:\/\/restaurante-canostra.com\/\" style=\"border-radius:10px;background-color:#d20015\" target=\"_blank\" rel=\"noreferrer noopener\">WEBSITE<\/a><\/div>\n<\/div>\n<\/div>\n\n\n\n<div class=\"wp-block-column is-layout-flow wp-block-column-is-layout-flow\">\n<div class=\"wp-block-buttons is-layout-flex wp-block-buttons-is-layout-flex\">\n<div class=\"wp-block-button\"><a class=\"wp-block-button__link has-background wp-element-button\" style=\"border-radius:10px;background-color:#d20015\">E-MAIL<\/a><\/div>\n<\/div>\n<\/div>\n<\/div>\n\n\n\n<p><\/p>\n<\/div>\n<\/div>\n\n\n\n<p><strong>Description<\/strong><\/p>\n\n\n\n<p>Panader\u00eda, confiter\u00eda y cafeter\u00eda.<br>Productos alemanes de panader\u00eda y confiter\u00eda<\/p>\n\n\n\n<p>Le ofrecemos una variedad de tipos de pan seleccionados<br>(por ejemplo, multicereales, de centeno, de espelta y de masa madre natural), as\u00ed como otros productos de panader\u00eda y confiter\u00eda.<\/p>\n\n\n\n<p>Su panader\u00eda \u00bb Pan y m\u00e1s \u00bb en Arta<\/p>\n\n\n\n<div class=\"wp-block-buttons is-layout-flex wp-block-buttons-is-layout-flex\">\n<div class=\"wp-block-button is-style-outline is-style-outline--1\"><a class=\"wp-block-button__link has-white-background-color has-text-color has-background wp-element-button\" href=\"https:\/\/mallorca-arta.com\/category\/restaurants\/\" style=\"border-radius:10px;color:#d20015\">TODOS LOS RESTAURANTES<\/a><\/div>\n<\/div>\n","protected":false},"excerpt":{"rendered":"<p>Panader\u00eda Pa i mes Direcci\u00f3nCarrer de Ciutat 25Illes Balears07570 Art\u00e0Mallorca Datos de contactoTel\u00e9fono: M\u00f3vil: Description Panader\u00eda, confiter\u00eda y cafeter\u00eda.Productos alemanes<\/p>\n","protected":false},"author":1,"featured_media":4576,"comment_status":"closed","ping_status":"closed","sticky":false,"template":"","format":"standard","meta":{"colormag_page_container_layout":"no_sidebar_content_centered","colormag_page_sidebar_layout":"no_sidebar","footnotes":""},"categories":[1,5],"tags":[1239,1238,1237,66,542,51,79],"class_list":["post-5332","post","type-post","status-publish","format-standard","has-post-thumbnail","hentry","category-general","category-bars-cafes","tag-deutsche-baeckerei","tag-pa-i-mes","tag-panaderia","tag-arta","tag-baeckerei","tag-essen","tag-trinken"],"_links":{"self":[{"href":"https:\/\/mallorca-arta.com\/es\/wp-json\/wp\/v2\/posts\/5332","targetHints":{"allow":["GET"]}}],"collection":[{"href":"https:\/\/mallorca-arta.com\/es\/wp-json\/wp\/v2\/posts"}],"about":[{"href":"https:\/\/mallorca-arta.com\/es\/wp-json\/wp\/v2\/types\/post"}],"author":[{"embeddable":true,"href":"https:\/\/mallorca-arta.com\/es\/wp-json\/wp\/v2\/users\/1"}],"replies":[{"embeddable":true,"href":"https:\/\/mallorca-arta.com\/es\/wp-json\/wp\/v2\/comments?post=5332"}],"version-history":[{"count":19,"href":"https:\/\/mallorca-arta.com\/es\/wp-json\/wp\/v2\/posts\/5332\/revisions"}],"predecessor-version":[{"id":5359,"href":"https:\/\/mallorca-arta.com\/es\/wp-json\/wp\/v2\/posts\/5332\/revisions\/5359"}],"wp:featuredmedia":[{"embeddable":true,"href":"https:\/\/mallorca-arta.com\/es\/wp-json\/wp\/v2\/media\/4576"}],"wp:attachment":[{"href":"https:\/\/mallorca-arta.com\/es\/wp-json\/wp\/v2\/media?parent=5332"}],"wp:term":[{"taxonomy":"category","embeddable":true,"href":"https:\/\/mallorca-arta.com\/es\/wp-json\/wp\/v2\/categories?post=5332"},{"taxonomy":"post_tag","embeddable":true,"href":"https:\/\/mallorca-arta.com\/es\/wp-json\/wp\/v2\/tags?post=5332"}],"curies":[{"name":"wp","href":"https:\/\/api.w.org\/{rel}","templated":true}]}}